{"id":15492,"date":"2023-05-16T15:11:09","date_gmt":"2023-05-16T18:11:09","guid":{"rendered":"http:\/\/gruporb.adv.br\/?p=15492"},"modified":"2023-05-16T15:11:10","modified_gmt":"2023-05-16T18:11:10","slug":"o-superior-tribunal-de-justica-decide-que-o-icms-compoe-a-base-de-calculo-do-irpj-e-da-csll-no-lucro-presumido","status":"publish","type":"post","link":"https:\/\/gruporb.adv.br\/index.php\/2023\/05\/16\/o-superior-tribunal-de-justica-decide-que-o-icms-compoe-a-base-de-calculo-do-irpj-e-da-csll-no-lucro-presumido\/","title":{"rendered":"O SUPERIOR TRIBUNAL DE JUSTI\u00c7A DECIDE QUE O ICMS COMP\u00d5E A BASE DE C\u00c1LCULO DO IRPJ E DA CSLL NO LUCRO PRESUMIDO"},"content":{"rendered":"\n<p>Na \u00faltima quarta-feira (10\/05),\na 1\u00aa Se\u00e7\u00e3o do Superior Tribunal de Justi\u00e7a, por maioria dos votos, decidiu que\no ICMS comp\u00f5e a base de c\u00e1lculo do IRPJ e da CSLL quando apurados no lucro\npresumido.<\/p>\n\n\n\n<p>O julgamento deu in\u00edcio com o\nvoto da relatora Ministra Regina Helena Costa, que\nvotou favoravelmente \u00e0 exclus\u00e3o do ICMS da base de c\u00e1lculo do IRPJ e da\nCSLL, destacando que os valores pertencentes a\nterceiros n\u00e3o podem ser oferecidos \u00e0 tributa\u00e7\u00e3o, al\u00e9m de apontar que o conceito\nde receita bruta deve ser o mesmo para todos os tributos.<\/p>\n\n\n\n<p>Contudo, o Ministro Gurgel de Faria abriu diverg\u00eancia, arguindo que a presun\u00e7\u00e3o\nextrai da receita bruta a margem do lucro presumido.<\/p>\n\n\n\n<p>Ainda, no\nentendimento do Ministro, a exclus\u00e3o ICMS entraria em contradi\u00e7\u00e3o aos\nprinc\u00edpios da tipicidade e da legalidade.<\/p>\n\n\n\n<p>O Ministro Gurgel prop\u00f4s a\nfixa\u00e7\u00e3o da seguinte tese: \u201cO ICMS comp\u00f5e a base de c\u00e1lculo do IRPJ \u2013 Imposto\nsobre a Renda de Pessoa Jur\u00eddica e da CSLL &#8211; Contribui\u00e7\u00e3o Social sobre o Lucro\nL\u00edquido quando apurados na sistem\u00e1tica do lucro presumido.\u201d<\/p>\n\n\n\n<p>Os demais\nMinistros seguiram o voto divergente, aderindo, por maioria, a tese proposta\npelo Ministro Gurgel.<\/p>\n\n\n\n<p>A equipe da\nRibczuk Advogados e da R&amp;B Solu\u00e7\u00f5es Cont\u00e1beis e Tribut\u00e1rias se colocam\ninteiramente \u00e0 disposi\u00e7\u00e3o para eventuais d\u00favidas e esclarecimentos.<\/p>\n","protected":false},"excerpt":{"rendered":"<p>Na \u00faltima quarta-feira (10\/05), a 1\u00aa Se\u00e7\u00e3o do Superior Tribunal de Justi\u00e7a, por maioria dos votos, decidiu que o ICMS comp\u00f5e a base de c\u00e1lculo do IRPJ e da CSLL quando apurados no lucro presumido. O julgamento deu in\u00edcio com o voto da relatora Ministra Regina Helena Costa, que votou favoravelmente \u00e0 exclus\u00e3o do ICMS [&hellip;]<\/p>\n","protected":false},"author":1,"featured_media":15493,"comment_status":"closed","ping_status":"open","sticky":false,"template":"","format":"standard","meta":{"footnotes":""},"categories":[33],"tags":[],"class_list":["post-15492","post","type-post","status-publish","format-standard","has-post-thumbnail","hentry","category-noticias"],"_links":{"self":[{"href":"https:\/\/gruporb.adv.br\/index.php\/wp-json\/wp\/v2\/posts\/15492","targetHints":{"allow":["GET"]}}],"collection":[{"href":"https:\/\/gruporb.adv.br\/index.php\/wp-json\/wp\/v2\/posts"}],"about":[{"href":"https:\/\/gruporb.adv.br\/index.php\/wp-json\/wp\/v2\/types\/post"}],"author":[{"embeddable":true,"href":"https:\/\/gruporb.adv.br\/index.php\/wp-json\/wp\/v2\/users\/1"}],"replies":[{"embeddable":true,"href":"https:\/\/gruporb.adv.br\/index.php\/wp-json\/wp\/v2\/comments?post=15492"}],"version-history":[{"count":1,"href":"https:\/\/gruporb.adv.br\/index.php\/wp-json\/wp\/v2\/posts\/15492\/revisions"}],"predecessor-version":[{"id":15494,"href":"https:\/\/gruporb.adv.br\/index.php\/wp-json\/wp\/v2\/posts\/15492\/revisions\/15494"}],"wp:featuredmedia":[{"embeddable":true,"href":"https:\/\/gruporb.adv.br\/index.php\/wp-json\/wp\/v2\/media\/15493"}],"wp:attachment":[{"href":"https:\/\/gruporb.adv.br\/index.php\/wp-json\/wp\/v2\/media?parent=15492"}],"wp:term":[{"taxonomy":"category","embeddable":true,"href":"https:\/\/gruporb.adv.br\/index.php\/wp-json\/wp\/v2\/categories?post=15492"},{"taxonomy":"post_tag","embeddable":true,"href":"https:\/\/gruporb.adv.br\/index.php\/wp-json\/wp\/v2\/tags?post=15492"}],"curies":[{"name":"wp","href":"https:\/\/api.w.org\/{rel}","templated":true}]}}