{"id":15500,"date":"2023-07-07T19:04:35","date_gmt":"2023-07-07T22:04:35","guid":{"rendered":"http:\/\/gruporb.adv.br\/?p=15500"},"modified":"2023-07-07T19:04:35","modified_gmt":"2023-07-07T22:04:35","slug":"reforma-tributaria-camara-dos-deputados-aprova-a-reforma-tributaria-em-2o-turno","status":"publish","type":"post","link":"https:\/\/gruporb.adv.br\/index.php\/2023\/07\/07\/reforma-tributaria-camara-dos-deputados-aprova-a-reforma-tributaria-em-2o-turno\/","title":{"rendered":"REFORMA TRIBUT\u00c1RIA: C\u00c2MARA DOS DEPUTADOS APROVA A REFORMA TRIBUT\u00c1RIA EM 2\u00ba TURNO"},"content":{"rendered":"\n<p>A C\u00e2mara\ndos Deputados aprovou, na madrugada desta sexta-feira (6\/7), o texto-base da\nreforma tribut\u00e1ria em segundo turno de vota\u00e7\u00f5es \u2014 a emenda constitucional vai\nagora para vota\u00e7\u00e3o, tamb\u00e9m em dois turnos, no Senado Federal. Em primeiro\nturno, 382 deputados votaram de forma favor\u00e1vel ao texto, enquanto 118 foram\ncontr\u00e1rios (tr\u00eas se abstiveram). J\u00e1 na segunda vota\u00e7\u00e3o, que ocorreu quase as\nduas horas da manh\u00e3, foram 375 votos a favor e 113 contr\u00e1rios \u00e0 PEC.<\/p>\n\n\n\n<p>O texto\nainda pode ser alterado antes de ir ao Senado por meio dos destaques, que ainda\nser\u00e3o discutidos.<\/p>\n\n\n\n<p>O\nprincipal foco da PEC s\u00e3o os impostos sobre o consumo e a reparti\u00e7\u00e3o dessas\nreceitas. A ideia \u00e9 unificar os tributos de consumo em uma mesma base de\nincid\u00eancia, com a troca do Imposto Sobre Produtos Industrializados (IPI), da\nContribui\u00e7\u00e3o para o Programa de Integra\u00e7\u00e3o Social (PIS); da Contribui\u00e7\u00e3o para o\nFinanciamento da Seguridade Social (Cofins); do Imposto sobre Opera\u00e7\u00f5es\nrelativas \u00e0 Circula\u00e7\u00e3o de Mercadorias e sobre Presta\u00e7\u00f5es de Servi\u00e7os de\nTransporte Interestadual e Intermunicipal e de Comunica\u00e7\u00e3o (ICMS); e do Imposto\nsobre Servi\u00e7os de Qualquer Natureza (ISS) por um novo imposto \u00fanico.<\/p>\n\n\n\n<p>O novo\nImposto de Valor Agregado (IVA) ser\u00e1 dual, ou seja, a Uni\u00e3o vai arrecadar a sua\nparcela na tributa\u00e7\u00e3o separadamente de estados e munic\u00edpios. A cobran\u00e7a ser\u00e1\nsempre no destino, e n\u00e3o mais na origem. <\/p>\n\n\n\n<p>No\n\u00e2mbito federal, esse imposto ser\u00e1 chamado de Contribui\u00e7\u00e3o sobre Bens e Servi\u00e7os\n(CBS), e ser\u00e1 Imposto sobre Bens e Servi\u00e7os (IBS) no tributo de compet\u00eancia\ncompartilhada entre estados, Distrito Federal e munic\u00edpios.<\/p>\n\n\n\n<p>O texto\ntamb\u00e9m determina a cria\u00e7\u00e3o de um imposto seletivo federal que incidir\u00e1 sobre\nprodutos prejudiciais \u00e0 sa\u00fade e ao meio ambiente. Est\u00e1 prevista ainda uma\nredu\u00e7\u00e3o de at\u00e9 50% das al\u00edquotas para bens e servi\u00e7os dos segmentos de sa\u00fade,\neduca\u00e7\u00e3o, dispositivos m\u00e9dicos e rem\u00e9dios, transporte p\u00fablico, produtos\nagropecu\u00e1rios, pesqueiros, insumos agropecu\u00e1rios, alimentos, produtos de\nhigiene e atividades art\u00edsticas.<\/p>\n\n\n\n<p>Para\nminimizar o impacto da reforma tribut\u00e1ria, o texto prop\u00f5e uma regra de\ntransi\u00e7\u00e3o. A cobran\u00e7a do IVA Dual come\u00e7ar\u00e1 em 2026, com al\u00edquotas de 0,9% no\ncaso do tributo federal e de 0,1% no imposto dos estados e munic\u00edpios. Durante\na transi\u00e7\u00e3o, os impostos federais v\u00e3o custear o Conselho Federativo Regional,\ncuja atribui\u00e7\u00e3o \u00e9 fazer a gest\u00e3o do IBS. <\/p>\n\n\n\n<p>Em 2027,\na CBS vai substituir os impostos indiretos federais, e o IBS seguir\u00e1 com a\nal\u00edquota-teste at\u00e9 2028. De 2029 a 2032, o IBS ser\u00e1 introduzido \u00e0 propor\u00e7\u00e3o de\num d\u00e9cimo a cada ano. Em 2033, o novo tributo finalmente vai substituir de\nforma integral os impostos indiretos de estados e munic\u00edpios. <\/p>\n\n\n\n<p>O texto\nda reforma deixou de fora o Simples Nacional e manteve a Zona Franca de Manaus.\nAs empresas poder\u00e3o escolher seguir no Simples Nacional ou aderir ao novo\nregime de tributa\u00e7\u00e3o.<\/p>\n\n\n\n<p>A\nproposta, que ainda est\u00e1 sendo discutida por parlamentares e membros do\ngoverno, n\u00e3o trata, por\u00e9m, de altera\u00e7\u00f5es no Imposto de Renda, o que ficar\u00e1 para\no segundo semestre.<\/p>\n\n\n\n<p>A equipe da Ribczuk Advogados e da R&amp;B Solu\u00e7\u00f5es Cont\u00e1beis\ne Tribut\u00e1rias se colocam inteiramente \u00e0 disposi\u00e7\u00e3o para eventuais d\u00favidas e\nesclarecimentos.<\/p>\n","protected":false},"excerpt":{"rendered":"<p>A C\u00e2mara dos Deputados aprovou, na madrugada desta sexta-feira (6\/7), o texto-base da reforma tribut\u00e1ria em segundo turno de vota\u00e7\u00f5es \u2014 a emenda constitucional vai agora para vota\u00e7\u00e3o, tamb\u00e9m em dois turnos, no Senado Federal. Em primeiro turno, 382 deputados votaram de forma favor\u00e1vel ao texto, enquanto 118 foram contr\u00e1rios (tr\u00eas se abstiveram). J\u00e1 na [&hellip;]<\/p>\n","protected":false},"author":1,"featured_media":15501,"comment_status":"closed","ping_status":"open","sticky":false,"template":"","format":"standard","meta":{"footnotes":""},"categories":[33],"tags":[],"class_list":["post-15500","post","type-post","status-publish","format-standard","has-post-thumbnail","hentry","category-noticias"],"_links":{"self":[{"href":"https:\/\/gruporb.adv.br\/index.php\/wp-json\/wp\/v2\/posts\/15500","targetHints":{"allow":["GET"]}}],"collection":[{"href":"https:\/\/gruporb.adv.br\/index.php\/wp-json\/wp\/v2\/posts"}],"about":[{"href":"https:\/\/gruporb.adv.br\/index.php\/wp-json\/wp\/v2\/types\/post"}],"author":[{"embeddable":true,"href":"https:\/\/gruporb.adv.br\/index.php\/wp-json\/wp\/v2\/users\/1"}],"replies":[{"embeddable":true,"href":"https:\/\/gruporb.adv.br\/index.php\/wp-json\/wp\/v2\/comments?post=15500"}],"version-history":[{"count":1,"href":"https:\/\/gruporb.adv.br\/index.php\/wp-json\/wp\/v2\/posts\/15500\/revisions"}],"predecessor-version":[{"id":15502,"href":"https:\/\/gruporb.adv.br\/index.php\/wp-json\/wp\/v2\/posts\/15500\/revisions\/15502"}],"wp:featuredmedia":[{"embeddable":true,"href":"https:\/\/gruporb.adv.br\/index.php\/wp-json\/wp\/v2\/media\/15501"}],"wp:attachment":[{"href":"https:\/\/gruporb.adv.br\/index.php\/wp-json\/wp\/v2\/media?parent=15500"}],"wp:term":[{"taxonomy":"category","embeddable":true,"href":"https:\/\/gruporb.adv.br\/index.php\/wp-json\/wp\/v2\/categories?post=15500"},{"taxonomy":"post_tag","embeddable":true,"href":"https:\/\/gruporb.adv.br\/index.php\/wp-json\/wp\/v2\/tags?post=15500"}],"curies":[{"name":"wp","href":"https:\/\/api.w.org\/{rel}","templated":true}]}}