{"id":15545,"date":"2024-03-06T14:15:30","date_gmt":"2024-03-06T17:15:30","guid":{"rendered":"http:\/\/gruporb.adv.br\/?p=15545"},"modified":"2024-03-06T14:15:31","modified_gmt":"2024-03-06T17:15:31","slug":"perse-haddad-diz-que-vai-encaminhar-projeto-de-lei-para-reduzir-o-perse","status":"publish","type":"post","link":"https:\/\/gruporb.adv.br\/index.php\/2024\/03\/06\/perse-haddad-diz-que-vai-encaminhar-projeto-de-lei-para-reduzir-o-perse\/","title":{"rendered":"PERSE: HADDAD DIZ QUE VAI ENCAMINHAR PROJETO DE LEI PARA REDUZIR O PERSE"},"content":{"rendered":"\n<p>Nesta ter\u00e7a-feira (05\/03), o\nMinistro da Fazenda, Fernando Haddad, anunciou que o governo submeter\u00e1 \u00e0 C\u00e2mara\ndos Deputados um projeto de lei com urg\u00eancia constitucional com o prop\u00f3sito de\nestabelecer um Programa Emergencial de Retomada do Setor de Eventos (PERSE)\nmais compacto.<\/p>\n\n\n\n<p>Segundo o Ministro, a estrat\u00e9gia\ndo governo visa reduzir o programa para patamares considerados sustent\u00e1veis,\npor meio de compensa\u00e7\u00f5es, com foco nos setores impactados pela pandemia que\nainda n\u00e3o alcan\u00e7aram uma recupera\u00e7\u00e3o significativa e, portanto, necessitam de\naten\u00e7\u00e3o especial. O objetivo \u00e9 remover do programa as empresas que estavam\ninativas durante a pandemia e que se beneficiaram de incentivos fiscais.<\/p>\n\n\n\n<p>Haddad especificou que o PERSE\nacarretou despesas aos cofres p\u00fablicos de R$ 10 bilh\u00f5es em 2022 e R$ 13 bilh\u00f5es\nem 2023, respectivamente. Contudo, entidades representativas dos setores de\nturismo e eventos levantaram questionamentos sobre os dados apresentados pelo\nMinist\u00e9rio da Fazenda. Na semana anterior, dez associa\u00e7\u00f5es divulgaram uma\nan\u00e1lise elaborada pela consultoria Tend\u00eancias, a qual indicava que o custo\nanual do programa n\u00e3o ultrapassaria os R$ 6,4 bilh\u00f5es<a href=\"#_ftn1\">[1]<\/a>.<\/p>\n\n\n\n<p>A previs\u00e3o \u00e9 de que o projeto de\nlei referente ao Programa Emergencial de Retomada do Setor de Eventos (PERSE) seja\nsubmetido \u00e0 vota\u00e7\u00e3o at\u00e9 o final de mar\u00e7o ou, no mais tardar, in\u00edcio de abril,\nmantendo ainda em vigor a Medida Provis\u00f3ria 1.202.<\/p>\n\n\n\n<p>A equipe da Ribczuk Advogados e da R&amp;B Solu\u00e7\u00f5es Cont\u00e1beis e Tribut\u00e1rias se colocam inteiramente \u00e0 disposi\u00e7\u00e3o para eventuais d\u00favidas e esclarecimentos.<\/p>\n","protected":false},"excerpt":{"rendered":"<p>Nesta ter\u00e7a-feira (05\/03), o Ministro da Fazenda, Fernando Haddad, anunciou que o governo submeter\u00e1 \u00e0 C\u00e2mara dos Deputados um projeto de lei com urg\u00eancia constitucional com o prop\u00f3sito de estabelecer um Programa Emergencial de Retomada do Setor de Eventos (PERSE) mais compacto. Segundo o Ministro, a estrat\u00e9gia do governo visa reduzir o programa para patamares [&hellip;]<\/p>\n","protected":false},"author":1,"featured_media":15546,"comment_status":"closed","ping_status":"open","sticky":false,"template":"","format":"standard","meta":{"footnotes":""},"categories":[33],"tags":[],"class_list":["post-15545","post","type-post","status-publish","format-standard","has-post-thumbnail","hentry","category-noticias"],"_links":{"self":[{"href":"https:\/\/gruporb.adv.br\/index.php\/wp-json\/wp\/v2\/posts\/15545","targetHints":{"allow":["GET"]}}],"collection":[{"href":"https:\/\/gruporb.adv.br\/index.php\/wp-json\/wp\/v2\/posts"}],"about":[{"href":"https:\/\/gruporb.adv.br\/index.php\/wp-json\/wp\/v2\/types\/post"}],"author":[{"embeddable":true,"href":"https:\/\/gruporb.adv.br\/index.php\/wp-json\/wp\/v2\/users\/1"}],"replies":[{"embeddable":true,"href":"https:\/\/gruporb.adv.br\/index.php\/wp-json\/wp\/v2\/comments?post=15545"}],"version-history":[{"count":1,"href":"https:\/\/gruporb.adv.br\/index.php\/wp-json\/wp\/v2\/posts\/15545\/revisions"}],"predecessor-version":[{"id":15547,"href":"https:\/\/gruporb.adv.br\/index.php\/wp-json\/wp\/v2\/posts\/15545\/revisions\/15547"}],"wp:featuredmedia":[{"embeddable":true,"href":"https:\/\/gruporb.adv.br\/index.php\/wp-json\/wp\/v2\/media\/15546"}],"wp:attachment":[{"href":"https:\/\/gruporb.adv.br\/index.php\/wp-json\/wp\/v2\/media?parent=15545"}],"wp:term":[{"taxonomy":"category","embeddable":true,"href":"https:\/\/gruporb.adv.br\/index.php\/wp-json\/wp\/v2\/categories?post=15545"},{"taxonomy":"post_tag","embeddable":true,"href":"https:\/\/gruporb.adv.br\/index.php\/wp-json\/wp\/v2\/tags?post=15545"}],"curies":[{"name":"wp","href":"https:\/\/api.w.org\/{rel}","templated":true}]}}