{"id":15807,"date":"2025-06-06T08:50:08","date_gmt":"2025-06-06T11:50:08","guid":{"rendered":"https:\/\/gruporb.adv.br\/?p=15807"},"modified":"2025-06-06T08:50:20","modified_gmt":"2025-06-06T11:50:20","slug":"aumento-do-iof-e-contestado-no-stf-por-desvio-de-finalidade-e-ausencia-de-lei","status":"publish","type":"post","link":"https:\/\/gruporb.adv.br\/index.php\/2025\/06\/06\/aumento-do-iof-e-contestado-no-stf-por-desvio-de-finalidade-e-ausencia-de-lei\/","title":{"rendered":"Aumento do IOF \u00e9 contestado no STF por desvio de finalidade e aus\u00eancia de lei"},"content":{"rendered":"\n<p>O Partido Liberal (PL) contesta no Supremo Tribunal Federal (STF) o aumento de al\u00edquotas do Imposto sobre Opera\u00e7\u00f5es Financeiras (IOF) adotado em maio pelo governo federal. A sigla pede a suspens\u00e3o liminar (provis\u00f3ria) de dois decretos que tratam das altera\u00e7\u00f5es na cobran\u00e7a. O caso ser\u00e1 discutido na A\u00e7\u00e3o Direta de Inconstitucionalidade (ADI) 7827, distribu\u00edda ao ministro Alexandre de Moraes.<\/p>\n\n\n\n<p>Segundo o PL, a eleva\u00e7\u00e3o do imposto foi feita de forma inconstitucional por levar a um desvio de finalidade do IOF. Conforme o partido, o governo adotou a medida para aumentar a arrecada\u00e7\u00e3o, contrariando a natureza extrafiscal do tributo (que envolve fins regulat\u00f3rios ou n\u00e3o arrecadat\u00f3rios). Para haver esse aumento, a legenda diz ser necess\u00e1ria aprova\u00e7\u00e3o de lei, e n\u00e3o apenas edi\u00e7\u00e3o de decreto.<\/p>\n\n\n\n<p>Os Decretos 12.466 e 12.467, de 22 e 23 de maio respectivamente, foram assinados pelo presidente da Rep\u00fablica, Luiz In\u00e1cio Lula da Silva, e pelo ministro da Fazenda, Fernando Haddad. A primeira norma alterou, entre outros pontos, al\u00edquotas do IOF em opera\u00e7\u00f5es de cr\u00e9dito para empresas, remessas internacionais, investimentos externos e opera\u00e7\u00f5es cambiais diversas. O segundo decreto revogou partes&nbsp;do&nbsp;anterior.<\/p>\n","protected":false},"excerpt":{"rendered":"<p>O Partido Liberal (PL) contesta no Supremo Tribunal Federal (STF) o aumento de al\u00edquotas do Imposto sobre Opera\u00e7\u00f5es Financeiras (IOF) adotado em maio pelo governo federal. A sigla pede a suspens\u00e3o liminar (provis\u00f3ria) de dois decretos que tratam das altera\u00e7\u00f5es na cobran\u00e7a. O caso ser\u00e1 discutido na A\u00e7\u00e3o Direta de Inconstitucionalidade (ADI) 7827, distribu\u00edda ao [&hellip;]<\/p>\n","protected":false},"author":12,"featured_media":15809,"comment_status":"closed","ping_status":"open","sticky":false,"template":"","format":"standard","meta":{"footnotes":""},"categories":[33],"tags":[],"class_list":["post-15807","post","type-post","status-publish","format-standard","has-post-thumbnail","hentry","category-noticias"],"_links":{"self":[{"href":"https:\/\/gruporb.adv.br\/index.php\/wp-json\/wp\/v2\/posts\/15807","targetHints":{"allow":["GET"]}}],"collection":[{"href":"https:\/\/gruporb.adv.br\/index.php\/wp-json\/wp\/v2\/posts"}],"about":[{"href":"https:\/\/gruporb.adv.br\/index.php\/wp-json\/wp\/v2\/types\/post"}],"author":[{"embeddable":true,"href":"https:\/\/gruporb.adv.br\/index.php\/wp-json\/wp\/v2\/users\/12"}],"replies":[{"embeddable":true,"href":"https:\/\/gruporb.adv.br\/index.php\/wp-json\/wp\/v2\/comments?post=15807"}],"version-history":[{"count":1,"href":"https:\/\/gruporb.adv.br\/index.php\/wp-json\/wp\/v2\/posts\/15807\/revisions"}],"predecessor-version":[{"id":15810,"href":"https:\/\/gruporb.adv.br\/index.php\/wp-json\/wp\/v2\/posts\/15807\/revisions\/15810"}],"wp:featuredmedia":[{"embeddable":true,"href":"https:\/\/gruporb.adv.br\/index.php\/wp-json\/wp\/v2\/media\/15809"}],"wp:attachment":[{"href":"https:\/\/gruporb.adv.br\/index.php\/wp-json\/wp\/v2\/media?parent=15807"}],"wp:term":[{"taxonomy":"category","embeddable":true,"href":"https:\/\/gruporb.adv.br\/index.php\/wp-json\/wp\/v2\/categories?post=15807"},{"taxonomy":"post_tag","embeddable":true,"href":"https:\/\/gruporb.adv.br\/index.php\/wp-json\/wp\/v2\/tags?post=15807"}],"curies":[{"name":"wp","href":"https:\/\/api.w.org\/{rel}","templated":true}]}}