{"id":15874,"date":"2026-01-16T21:10:07","date_gmt":"2026-01-17T00:10:07","guid":{"rendered":"https:\/\/gruporb.adv.br\/?p=15874"},"modified":"2026-01-16T21:10:08","modified_gmt":"2026-01-17T00:10:08","slug":"cni-aciona-o-stf-contra-dispositivos-da-lei-que-reduz-beneficios-fiscais","status":"publish","type":"post","link":"https:\/\/gruporb.adv.br\/index.php\/2026\/01\/16\/cni-aciona-o-stf-contra-dispositivos-da-lei-que-reduz-beneficios-fiscais\/","title":{"rendered":"CNI aciona o STF contra dispositivos da lei que reduz benef\u00edcios fiscais"},"content":{"rendered":"\n<p>A Confedera\u00e7\u00e3o Nacional da Ind\u00fastria (CNI) acionou o Supremo Tribunal Federal para questionar a constitucionalidade de trecho da Lei Complementar n\u00ba 224\/2025, que promove a redu\u00e7\u00e3o de incentivos e benef\u00edcios fiscais concedidos \u00e0s empresas. A entidade ajuizou A\u00e7\u00e3o Direta de Inconstitucionalidade (ADI) na \u00faltima quarta-feira (14).<\/p>\n\n\n\n<p>Na a\u00e7\u00e3o, a CNI pede que seja declarada a inconstitucionalidade da express\u00e3o <em>\u201cconsiderando-se como condi\u00e7\u00e3o onerosa exclusivamente investimento previsto em projeto aprovado pelo Poder Executivo federal at\u00e9 o dia 31 de dezembro de 2025\u201d<\/em>, constante do artigo 4\u00ba da lei, que estabelece exce\u00e7\u00f5es \u00e0 redu\u00e7\u00e3o dos benef\u00edcios fiscais.<\/p>\n\n\n\n<p>De acordo com a entidade, o trecho restringe a exce\u00e7\u00e3o \u00e0 redu\u00e7\u00e3o dos benef\u00edcios fiscais apenas \u00e0s iniciativas que tenham atingido condi\u00e7\u00e3o onerosa at\u00e9 31 de dezembro do ano passado, criando um recorte artificial e prejudicial a diversos setores da ind\u00fastria. Para a CNI, a regra acaba por esvaziar a pr\u00f3pria norma que impede o cancelamento antecipado de benef\u00edcios fiscais antes do prazo originalmente estabelecido, afetando a previsibilidade e a seguran\u00e7a jur\u00eddica dos contribuintes.<\/p>\n\n\n\n<p>No pedido, a confedera\u00e7\u00e3o sustenta que a norma viola diretamente o direito adquirido, ao atingir contribuintes que, na data de publica\u00e7\u00e3o da lei complementar, faziam jus a benef\u00edcios ou isen\u00e7\u00f5es fiscais concedidos por prazo certo e sob condi\u00e7\u00f5es previamente definidas.<\/p>\n\n\n\n<p>\u201cNesta a\u00e7\u00e3o \u00e9 apontada viola\u00e7\u00e3o ao direito adquirido daqueles contribuintes que, na data de publica\u00e7\u00e3o da lei complementar atacada, faziam jus a benef\u00edcio ou isen\u00e7\u00e3o fiscal por prazo certo e determinadas condi\u00e7\u00f5es. A sede constitucional dessa discuss\u00e3o decorre da garantia dada pela Constitui\u00e7\u00e3o ao direito adquirido, inclusive os decorrentes de benef\u00edcios fiscais concedidos por prazo certo e condi\u00e7\u00e3o onerosa.\u201d<\/p>\n\n\n\n<p>Por meio da a\u00e7\u00e3o, a qual ainda n\u00e3o possui n\u00famero, a CNI requer a concess\u00e3o de medida liminar para suspender os efeitos da express\u00e3o impugnada, pedido que \u00e9 reiterado no m\u00e9rito. Por arrastamento, tamb\u00e9m \u00e9 pleiteada a suspens\u00e3o de dispositivos do Decreto n\u00ba 12.808\/2025 (artigo 14, IV) e do artigo 16 da Instru\u00e7\u00e3o Normativa da Receita Federal do Brasil n\u00ba 2.305\/2025, que regulamentam a aplica\u00e7\u00e3o da lei.<\/p>\n\n\n\n<p>De forma subsidi\u00e1ria, caso o Supremo n\u00e3o reconhe\u00e7a a inconstitucionalidade da express\u00e3o, a CNI pede que seja afastada a interpreta\u00e7\u00e3o de que a enumera\u00e7\u00e3o dos incisos da norma \u00e9 exaustiva. Isso permitiria que as autoridades administrativas e judici\u00e1rias reconhecessem a exist\u00eancia de direito adquirido quanto a benef\u00edcios e incentivos concedidos por prazo certo e sob condi\u00e7\u00f5es diversas, n\u00e3o limitadas exclusivamente a \u201cinvestimento previsto em projeto aprovado pelo Poder Executivo federal at\u00e9 o dia 31 de dezembro de 2025\u201d.<\/p>\n\n\n\n<p>O ministro Andr\u00e9 Mendon\u00e7a foi sorteado relator da ADI 7920.<\/p>\n\n\n\n<p>A equipe da Ribczuk Advogados e R&amp;B Solu\u00e7\u00f5es Cont\u00e1beis e Tribut\u00e1rias permanece \u00e0 disposi\u00e7\u00e3o para eventuais esclarecimentos.<\/p>\n\n\n\n<p>&nbsp;&nbsp;&nbsp;&nbsp;&nbsp;&nbsp;&nbsp;&nbsp;&nbsp;&nbsp;&nbsp; Fontes:<\/p>\n\n\n\n<figure class=\"wp-block-embed\"><div class=\"wp-block-embed__wrapper\">\nhttps:\/\/www.congressoemfoco.com.br\/noticia\/115540\/cni-aciona-stf-contra-trecho-de-lei-que-reduz-incentivos-fiscais\n<\/div><\/figure>\n\n\n\n<figure class=\"wp-block-embed\"><div class=\"wp-block-embed__wrapper\">\nhttps:\/\/www.jota.info\/tributos\/cni-aciona-stf-contra-dispositivos-da-lei-que-reduz-beneficios-fiscais\n<\/div><\/figure>\n","protected":false},"excerpt":{"rendered":"<p>A Confedera\u00e7\u00e3o Nacional da Ind\u00fastria (CNI) acionou o Supremo Tribunal Federal para questionar a constitucionalidade de trecho da Lei Complementar n\u00ba 224\/2025, que promove a redu\u00e7\u00e3o de incentivos e benef\u00edcios fiscais concedidos \u00e0s empresas. A entidade ajuizou A\u00e7\u00e3o Direta de Inconstitucionalidade (ADI) na \u00faltima quarta-feira (14). Na a\u00e7\u00e3o, a CNI pede que seja declarada a [&hellip;]<\/p>\n","protected":false},"author":12,"featured_media":15875,"comment_status":"closed","ping_status":"open","sticky":false,"template":"","format":"standard","meta":{"footnotes":""},"categories":[33],"tags":[],"class_list":["post-15874","post","type-post","status-publish","format-standard","has-post-thumbnail","hentry","category-noticias"],"_links":{"self":[{"href":"https:\/\/gruporb.adv.br\/index.php\/wp-json\/wp\/v2\/posts\/15874","targetHints":{"allow":["GET"]}}],"collection":[{"href":"https:\/\/gruporb.adv.br\/index.php\/wp-json\/wp\/v2\/posts"}],"about":[{"href":"https:\/\/gruporb.adv.br\/index.php\/wp-json\/wp\/v2\/types\/post"}],"author":[{"embeddable":true,"href":"https:\/\/gruporb.adv.br\/index.php\/wp-json\/wp\/v2\/users\/12"}],"replies":[{"embeddable":true,"href":"https:\/\/gruporb.adv.br\/index.php\/wp-json\/wp\/v2\/comments?post=15874"}],"version-history":[{"count":1,"href":"https:\/\/gruporb.adv.br\/index.php\/wp-json\/wp\/v2\/posts\/15874\/revisions"}],"predecessor-version":[{"id":15876,"href":"https:\/\/gruporb.adv.br\/index.php\/wp-json\/wp\/v2\/posts\/15874\/revisions\/15876"}],"wp:featuredmedia":[{"embeddable":true,"href":"https:\/\/gruporb.adv.br\/index.php\/wp-json\/wp\/v2\/media\/15875"}],"wp:attachment":[{"href":"https:\/\/gruporb.adv.br\/index.php\/wp-json\/wp\/v2\/media?parent=15874"}],"wp:term":[{"taxonomy":"category","embeddable":true,"href":"https:\/\/gruporb.adv.br\/index.php\/wp-json\/wp\/v2\/categories?post=15874"},{"taxonomy":"post_tag","embeddable":true,"href":"https:\/\/gruporb.adv.br\/index.php\/wp-json\/wp\/v2\/tags?post=15874"}],"curies":[{"name":"wp","href":"https:\/\/api.w.org\/{rel}","templated":true}]}}