{"id":15892,"date":"2026-01-22T10:55:15","date_gmt":"2026-01-22T13:55:15","guid":{"rendered":"https:\/\/gruporb.adv.br\/?p=15892"},"modified":"2026-01-22T10:55:16","modified_gmt":"2026-01-22T13:55:16","slug":"stj-afasta-nova-cobranca-de-honorarios-apos-adesao-a-parcelamento-que-ja-os-contempla","status":"publish","type":"post","link":"https:\/\/gruporb.adv.br\/index.php\/2026\/01\/22\/stj-afasta-nova-cobranca-de-honorarios-apos-adesao-a-parcelamento-que-ja-os-contempla\/","title":{"rendered":"STJ afasta nova cobran\u00e7a de honor\u00e1rios ap\u00f3s ades\u00e3o a parcelamento que j\u00e1 os contempla"},"content":{"rendered":"\n<p>A 1\u00aa Se\u00e7\u00e3o do Superior Tribunal de Justi\u00e7a (STJ), ao julgar a mat\u00e9ria sob o rito dos recursos repetitivos (Tema 1317), firmou entendimento de que n\u00e3o \u00e9 cab\u00edvel nova condena\u00e7\u00e3o em honor\u00e1rios advocat\u00edcios quando o contribuinte desiste ou ren\u00fancia aos embargos \u00e0 execu\u00e7\u00e3o fiscal para aderir a programa de parcelamento que j\u00e1 inclua a cobran\u00e7a dessa verba.<\/p>\n\n\n\n<p>A controv\u00e9rsia teve origem em disputa entre o Estado de Minas Gerais e a empresa Energisa Minas Rio \u2013 Distribuidora de Energia S.A.. A Fazenda Estadual pretendia a cobran\u00e7a de honor\u00e1rios adicionais ap\u00f3s a ades\u00e3o da contribuinte ao programa de recupera\u00e7\u00e3o fiscal, sob o argumento de que a desist\u00eancia da a\u00e7\u00e3o n\u00e3o afastaria a verba sucumbencial.<\/p>\n\n\n\n<p>O entendimento, contudo, foi no sentido de que a exig\u00eancia de novos honor\u00e1rios configuraria duplicidade de cobran\u00e7a, uma vez que a verba j\u00e1 estava incorporada ao valor do d\u00e9bito parcelado. O relator, ministro Gurgel de Faria, destacou que, nos termos do art. 827 do C\u00f3digo de Processo Civil, os honor\u00e1rios destinam-se \u00e0 remunera\u00e7\u00e3o do trabalho do advogado no curso da execu\u00e7\u00e3o, n\u00e3o sendo admiss\u00edvel sua exig\u00eancia reiterada quando j\u00e1 contemplados no ajuste administrativo.<\/p>\n\n\n\n<p>A tese foi fixada no julgamento dos REsps 2.158.358 e 2.158.602, sob o Tema 1317.<\/p>\n\n\n\n<p>A equipe da Ribczuk Advogados e R&amp;B Solu\u00e7\u00f5es Cont\u00e1beis e Tribut\u00e1rias permanece \u00e0 disposi\u00e7\u00e3o para eventuais esclarecimentos.<\/p>\n\n\n\n<p>Fontes: https:\/\/www.jota.info\/tributos\/stj-nao-cabe-novo-pagamento-de-honorarios-apos-parcelamento-que-inclui-a-cobranca<\/p>\n","protected":false},"excerpt":{"rendered":"<p>A 1\u00aa Se\u00e7\u00e3o do Superior Tribunal de Justi\u00e7a (STJ), ao julgar a mat\u00e9ria sob o rito dos recursos repetitivos (Tema 1317), firmou entendimento de que n\u00e3o \u00e9 cab\u00edvel nova condena\u00e7\u00e3o em honor\u00e1rios advocat\u00edcios quando o contribuinte desiste ou ren\u00fancia aos embargos \u00e0 execu\u00e7\u00e3o fiscal para aderir a programa de parcelamento que j\u00e1 inclua a cobran\u00e7a [&hellip;]<\/p>\n","protected":false},"author":12,"featured_media":15893,"comment_status":"closed","ping_status":"open","sticky":false,"template":"","format":"standard","meta":{"footnotes":""},"categories":[33],"tags":[],"class_list":["post-15892","post","type-post","status-publish","format-standard","has-post-thumbnail","hentry","category-noticias"],"_links":{"self":[{"href":"https:\/\/gruporb.adv.br\/index.php\/wp-json\/wp\/v2\/posts\/15892","targetHints":{"allow":["GET"]}}],"collection":[{"href":"https:\/\/gruporb.adv.br\/index.php\/wp-json\/wp\/v2\/posts"}],"about":[{"href":"https:\/\/gruporb.adv.br\/index.php\/wp-json\/wp\/v2\/types\/post"}],"author":[{"embeddable":true,"href":"https:\/\/gruporb.adv.br\/index.php\/wp-json\/wp\/v2\/users\/12"}],"replies":[{"embeddable":true,"href":"https:\/\/gruporb.adv.br\/index.php\/wp-json\/wp\/v2\/comments?post=15892"}],"version-history":[{"count":1,"href":"https:\/\/gruporb.adv.br\/index.php\/wp-json\/wp\/v2\/posts\/15892\/revisions"}],"predecessor-version":[{"id":15894,"href":"https:\/\/gruporb.adv.br\/index.php\/wp-json\/wp\/v2\/posts\/15892\/revisions\/15894"}],"wp:featuredmedia":[{"embeddable":true,"href":"https:\/\/gruporb.adv.br\/index.php\/wp-json\/wp\/v2\/media\/15893"}],"wp:attachment":[{"href":"https:\/\/gruporb.adv.br\/index.php\/wp-json\/wp\/v2\/media?parent=15892"}],"wp:term":[{"taxonomy":"category","embeddable":true,"href":"https:\/\/gruporb.adv.br\/index.php\/wp-json\/wp\/v2\/categories?post=15892"},{"taxonomy":"post_tag","embeddable":true,"href":"https:\/\/gruporb.adv.br\/index.php\/wp-json\/wp\/v2\/tags?post=15892"}],"curies":[{"name":"wp","href":"https:\/\/api.w.org\/{rel}","templated":true}]}}