{"id":16051,"date":"2026-03-13T10:37:11","date_gmt":"2026-03-13T13:37:11","guid":{"rendered":"https:\/\/gruporb.adv.br\/?p=16051"},"modified":"2026-03-13T10:37:12","modified_gmt":"2026-03-13T13:37:12","slug":"stj-primeira-secao-discute-se-bonificacoes-e-descontos-entram-na-base-de-calculo-do-pis-pasep-e-da-cofins","status":"publish","type":"post","link":"https:\/\/gruporb.adv.br\/index.php\/2026\/03\/13\/stj-primeira-secao-discute-se-bonificacoes-e-descontos-entram-na-base-de-calculo-do-pis-pasep-e-da-cofins\/","title":{"rendered":"STJ: Primeira Se\u00e7\u00e3o discute se bonifica\u00e7\u00f5es e descontos entram na base de c\u00e1lculo do PIS\/Pasep e da Cofins"},"content":{"rendered":"\n<p>A Primeira Se\u00e7\u00e3o do Superior Tribunal de Justi\u00e7a (STJ) afetou os Recursos Especiais 2.221.794, 2.221.800 e 2.223.143, de relatoria do ministro Afr\u00e2nio Vilela, para julgamento sob o rito dos&nbsp;repetitivos.<\/p>\n\n\n\n<p>A controv\u00e9rsia, registrada como&nbsp;<a href=\"https:\/\/processo.stj.jus.br\/repetitivos\/temas_repetitivos\/pesquisa.jsp?novaConsulta=true&amp;tipo_pesquisa=T&amp;cod_tema_inicial=1412&amp;cod_tema_final=1412\">Tema 1.412<\/a>&nbsp;na base de dados do STJ, est\u00e1 em definir se as bonifica\u00e7\u00f5es e os descontos comp\u00f5em a base de c\u00e1lculo das contribui\u00e7\u00f5es ao Programa de Integra\u00e7\u00e3o Social (PIS) e ao Programa de Forma\u00e7\u00e3o do Patrim\u00f4nio do Servidor P\u00fablico (Pasep) e da Contribui\u00e7\u00e3o para o Financiamento da Seguridade Social (Cofins), nos termos do artigo 1\u00ba, par\u00e1grafo 3\u00ba, inciso V, al\u00ednea &#8220;a&#8221;, das Leis&nbsp;<a href=\"https:\/\/www.planalto.gov.br\/ccivil_03\/leis\/2002\/l10637.htm#art1\">10.637\/2002<\/a>&nbsp;e&nbsp;<a href=\"https:\/\/www.planalto.gov.br\/ccivil_03\/leis\/2003\/l10.833.htm#art1\">10.833\/2003<\/a>.<\/p>\n\n\n\n<p>Ao propor a afeta\u00e7\u00e3o, o relator ressaltou a repercuss\u00e3o social, jur\u00eddica e financeira do tema e o papel do tribunal em uniformizar nacionalmente, mediante a forma\u00e7\u00e3o de precedentes qualificados, a interpreta\u00e7\u00e3o sobre quest\u00f5es de direito que se repetem em m\u00faltiplos processos.&nbsp;<\/p>\n\n\n\n<p>&#8220;A fixa\u00e7\u00e3o de tese no presente processo permite, ao STJ, pacificar seu posicionamento acerca da mat\u00e9ria, promovendo maiores seguran\u00e7a jur\u00eddica e confian\u00e7a do jurisdicionado nas decis\u00f5es proferidas pelo Poder Judici\u00e1rio, al\u00e9m de evitar o envio desnecess\u00e1rio de recursos especiais e\/ou agravos em recursos especiais a esta corte superior&#8221;, afirmou o ministro.<\/p>\n\n\n\n<p>Afr\u00e2nio Vilela tamb\u00e9m destacou dados dos sistemas da Procuradoria da Fazenda Nacional que apontam a exist\u00eancia de 1.026 processos sobre o tema, sendo 82 apenas no STJ.<\/p>\n\n\n\n<p><strong>Diverg\u00eancia jurisprudencial entre os colegiados do tribunal<\/strong><\/p>\n\n\n\n<p>Em seu voto pela afeta\u00e7\u00e3o do tema, o ministro comentou que a quest\u00e3o \u00e9 objeto de forte diverg\u00eancia jurisprudencial entre as duas turmas que comp\u00f5em a Primeira Se\u00e7\u00e3o da corte. Segundo ele, a Primeira Turma entende que as bonifica\u00e7\u00f5es e os descontos concedidos pelo fornecedor ao varejista \u2013 inclusive os descontos condicionados a contrapresta\u00e7\u00f5es vinculadas \u00e0 opera\u00e7\u00e3o de compra e venda \u2013 n\u00e3o integram a base de c\u00e1lculo do PIS, do Pasep e da Cofins do varejista.<\/p>\n\n\n\n<p>Por outro lado \u2013 prosseguiu \u2013, a Segunda Turma considera que os descontos condicionados e as bonifica\u00e7\u00f5es devem ser inclu\u00eddos na base de c\u00e1lculo das contribui\u00e7\u00f5es sociais, por constitu\u00edrem receita bruta do varejista, na forma do&nbsp;<a href=\"https:\/\/www.planalto.gov.br\/ccivil_03\/decreto-lei\/del1598.htm#art12\">artigo 12, inciso IV, do Decreto-Lei 1.598\/1977<\/a>, e n\u00e3o redu\u00e7\u00e3o dos custos de aquisi\u00e7\u00e3o.<\/p>\n\n\n\n<p><strong>Recursos&nbsp;repetitivos&nbsp;geram economia de tempo e seguran\u00e7a jur\u00eddica<\/strong><\/p>\n\n\n\n<p>O CPC regula, nos&nbsp;<a href=\"https:\/\/www.planalto.gov.br\/ccivil_03\/_ato2015-2018\/2015\/lei\/l13105.htm#art1036\">artigos 1.036 e seguintes<\/a>, o julgamento por amostragem, mediante a sele\u00e7\u00e3o de recursos especiais que tenham controv\u00e9rsias id\u00eanticas. Ao afetar um processo, ou seja, encaminh\u00e1-lo para julgamento sob o rito dos&nbsp;repetitivos, os ministros facilitam a solu\u00e7\u00e3o de demandas que se repetem nos tribunais brasileiros.<\/p>\n\n\n\n<p>A possibilidade de aplicar o mesmo entendimento jur\u00eddico a diversos processos gera economia de tempo e seguran\u00e7a jur\u00eddica. No&nbsp;<a href=\"https:\/\/scon.stj.jus.br\/SCON\/repetitivos\/listaRR.jsp\"><em>site<\/em>&nbsp;do STJ<\/a>, \u00e9 poss\u00edvel acessar todos os temas afetados, bem como saber a abrang\u00eancia das decis\u00f5es de sobrestamento e as teses jur\u00eddicas firmadas nos julgamentos, entre outras informa\u00e7\u00f5es.<\/p>\n\n\n\n<p><a href=\"https:\/\/processo.stj.jus.br\/processo\/julgamento\/eletronico\/documento\/mediado\/?documento_tipo=integra&amp;documento_sequencial=360424758&amp;registro_numero=202502464993&amp;peticao_numero=202600IJ3193&amp;publicacao_data=20260303&amp;formato=PDF\">Leia o ac\u00f3rd\u00e3o de afeta\u00e7\u00e3o do REsp 2.221.794<\/a>.<\/p>\n\n\n\n<p>O colegiado determinou a suspens\u00e3o de todos os processos pendentes que discutam a mesma mat\u00e9ria e nos quais tenha havido a interposi\u00e7\u00e3o de&nbsp;recurso especial&nbsp;ou de&nbsp;agravo em recurso especial, tanto na segunda inst\u00e2ncia como no STJ.<\/p>\n\n\n\n<p>A equipe da Ribczuk Advogados e R&amp;B Solu\u00e7\u00f5es Cont\u00e1beis e Tribut\u00e1rias permanece \u00e0 disposi\u00e7\u00e3o para eventuais esclarecimentos.<\/p>\n\n\n\n<p>Fonte:<\/p>\n\n\n\n<ul class=\"wp-block-list\">\n<li><a href=\"https:\/\/www.stj.jus.br\/sites\/portalp\/Paginas\/Comunicacao\/Noticias\/2026\/13032026-Primeira-Secao-discute-se-bonificacoes-e-descontos-entram-na-base-de-calculo-do-PISPasep-e-da-Cofins.aspx\">https:\/\/www.stj.jus.br\/sites\/portalp\/Paginas\/Comunicacao\/Noticias\/2026\/13032026-Primeira-Secao-discute-se-bonificacoes-e-descontos-entram-na-base-de-calculo-do-PISPasep-e-da-Cofins.aspx<\/a><\/li>\n<\/ul>\n","protected":false},"excerpt":{"rendered":"<p>A Primeira Se\u00e7\u00e3o do Superior Tribunal de Justi\u00e7a (STJ) afetou os Recursos Especiais 2.221.794, 2.221.800 e 2.223.143, de relatoria do ministro Afr\u00e2nio Vilela, para julgamento sob o rito dos&nbsp;repetitivos. A controv\u00e9rsia, registrada como&nbsp;Tema 1.412&nbsp;na base de dados do STJ, est\u00e1 em definir se as bonifica\u00e7\u00f5es e os descontos comp\u00f5em a base de c\u00e1lculo das contribui\u00e7\u00f5es [&hellip;]<\/p>\n","protected":false},"author":12,"featured_media":15917,"comment_status":"closed","ping_status":"open","sticky":false,"template":"","format":"standard","meta":{"footnotes":""},"categories":[33],"tags":[],"class_list":["post-16051","post","type-post","status-publish","format-standard","has-post-thumbnail","hentry","category-noticias"],"_links":{"self":[{"href":"https:\/\/gruporb.adv.br\/index.php\/wp-json\/wp\/v2\/posts\/16051","targetHints":{"allow":["GET"]}}],"collection":[{"href":"https:\/\/gruporb.adv.br\/index.php\/wp-json\/wp\/v2\/posts"}],"about":[{"href":"https:\/\/gruporb.adv.br\/index.php\/wp-json\/wp\/v2\/types\/post"}],"author":[{"embeddable":true,"href":"https:\/\/gruporb.adv.br\/index.php\/wp-json\/wp\/v2\/users\/12"}],"replies":[{"embeddable":true,"href":"https:\/\/gruporb.adv.br\/index.php\/wp-json\/wp\/v2\/comments?post=16051"}],"version-history":[{"count":1,"href":"https:\/\/gruporb.adv.br\/index.php\/wp-json\/wp\/v2\/posts\/16051\/revisions"}],"predecessor-version":[{"id":16052,"href":"https:\/\/gruporb.adv.br\/index.php\/wp-json\/wp\/v2\/posts\/16051\/revisions\/16052"}],"wp:featuredmedia":[{"embeddable":true,"href":"https:\/\/gruporb.adv.br\/index.php\/wp-json\/wp\/v2\/media\/15917"}],"wp:attachment":[{"href":"https:\/\/gruporb.adv.br\/index.php\/wp-json\/wp\/v2\/media?parent=16051"}],"wp:term":[{"taxonomy":"category","embeddable":true,"href":"https:\/\/gruporb.adv.br\/index.php\/wp-json\/wp\/v2\/categories?post=16051"},{"taxonomy":"post_tag","embeddable":true,"href":"https:\/\/gruporb.adv.br\/index.php\/wp-json\/wp\/v2\/tags?post=16051"}],"curies":[{"name":"wp","href":"https:\/\/api.w.org\/{rel}","templated":true}]}}