{"id":16068,"date":"2026-03-16T11:19:05","date_gmt":"2026-03-16T14:19:05","guid":{"rendered":"https:\/\/gruporb.adv.br\/?p=16068"},"modified":"2026-03-16T11:19:06","modified_gmt":"2026-03-16T14:19:06","slug":"carf-aplica-tema-372-do-stf-sobre-pis-cofins-em-receitas-financeiras","status":"publish","type":"post","link":"https:\/\/gruporb.adv.br\/index.php\/2026\/03\/16\/carf-aplica-tema-372-do-stf-sobre-pis-cofins-em-receitas-financeiras\/","title":{"rendered":"Carf aplica Tema 372 do STF sobre PIS\/Cofins em receitas financeiras"},"content":{"rendered":"\n<p>Por unanimidade, a 2\u00aa Turma da 2\u00aa C\u00e2mara da 3\u00aa Se\u00e7\u00e3o&nbsp; do Conselho Administrativo de Recursos Fiscais (<a href=\"https:\/\/www.jota.info\/tudo-sobre\/CARF\">Carf<\/a>) aplicou ao processo o&nbsp;<a href=\"https:\/\/jota.us8.list-manage.com\/track\/click?u=4911ce1e520f5bf26dd891c79&amp;id=fe7d1d00dc&amp;e=21c890d41b\" target=\"_blank\" rel=\"noreferrer noopener\">Tema 372<\/a>&nbsp;do Supremo Tribunal Federal (<a href=\"https:\/\/www.jota.info\/tudo-sobre\/STF\">STF<\/a>) e decidiu que as receitas financeiras de institui\u00e7\u00f5es financeiras integram a base de c\u00e1lculo do PIS e da Cofins, por constitu\u00edrem receitas operacionais. No caso em quest\u00e3o, o Unibanco pediu o sobrestamento do processo para aguardar o tr\u00e2nsito em julgado do Tema, mas a turma entendeu que n\u00e3o caberia suspender o julgamento administrativo uma vez que n\u00e3o houve declara\u00e7\u00e3o de inconstitucionalidade pela Corte.<\/p>\n\n\n\n<p>O STF fixou, em repercuss\u00e3o geral, a seguinte tese: \u201cas receitas brutas operacionais decorrentes da atividade empresarial t\u00edpica das institui\u00e7\u00f5es financeiras integram a base de c\u00e1lculo de PIS\/Cofins cobrado em face daquelas ante a&nbsp;<a href=\"https:\/\/www.planalto.gov.br\/ccivil_03\/leis\/l9718.htm\">Lei 9.718\/98<\/a>, mesmo em sua reda\u00e7\u00e3o original, ressalvadas as exclus\u00f5es e dedu\u00e7\u00f5es legalmente prescritas.\u201d<\/p>\n\n\n\n<p>Nesse sentido, a defesa do Unibanco, representada pelo advogado Roberto Quiroga, do Mattos Filho, argumentou que, diante da suspens\u00e3o nacional dos processos judiciais determinada pelo STF, n\u00e3o faria sentido prosseguir com o julgamento no \u00e2mbito administrativo.<\/p>\n\n\n\n<p>A decis\u00e3o de n\u00e3o sobrestar o processo foi tomada por voto de qualidade. Os conselheiros fazend\u00e1rios entenderam que, pelo artigo 100 do Regimento Interno do Carf, a suspens\u00e3o do julgamento somente \u00e9 cab\u00edvel quando h\u00e1 declara\u00e7\u00e3o de inconstitucionalidade pelo STF ou de ilegalidade pelo Superior Tribunal de Justi\u00e7a (<a href=\"https:\/\/www.jota.info\/tudo-sobre\/STJ\">STJ<\/a>). Ficaram vencidas, al\u00e9m da relatora, Jucileia de Souza Lima, as conselheiras Aline Cardoso de Faria e Onizia de Miranda Aguiar Pignataro.<\/p>\n\n\n\n<p>No m\u00e9rito, o processo envolveu um pedido de restitui\u00e7\u00e3o de Cofins apresentado pelo Ita\u00fa, que teria ampliado a base de c\u00e1lculo do PIS e da Cofins. O pedido foi negado sob a justificativa de que as receitas financeiras das institui\u00e7\u00f5es financeiras s\u00e3o tribut\u00e1veis por constitu\u00edrem receitas operacionais.<\/p>\n\n\n\n<p>A turma seguiu o voto da relatora, que entendeu que as receitas financeiras regulares e habituais, decorrentes da intermedia\u00e7\u00e3o ou aplica\u00e7\u00e3o de recursos financeiros em moeda nacional ou estrangeira, comp\u00f5em a base de c\u00e1lculo do PIS e da Cofins por constitu\u00edrem receitas operacionais das institui\u00e7\u00f5es financeiras. A conselheira destacou a decis\u00e3o do STF e, em observ\u00e2ncia ao entendimento da Corte, votou por negar provimento ao recurso do contribuinte.<\/p>\n\n\n\n<p>O processo tramita com o n\u00famero 16327.000957\/2005-26.<\/p>\n\n\n\n<p>A equipe da Ribczuk Advogados e R&amp;B Solu\u00e7\u00f5es Cont\u00e1beis e Tribut\u00e1rias permanece \u00e0 disposi\u00e7\u00e3o para eventuais esclarecimentos.<\/p>\n\n\n\n<p>Fontes:<\/p>\n\n\n\n<ul class=\"wp-block-list\">\n<li><a href=\"https:\/\/www.jota.info\/tributos\/carf-aplica-tema-372-do-stf-sobre-pis-cofins-em-receitas-financeiras\">https:\/\/www.jota.info\/tributos\/carf-aplica-tema-372-do-stf-sobre-pis-cofins-em-receitas-financeiras<\/a><\/li>\n<\/ul>\n","protected":false},"excerpt":{"rendered":"<p>Por unanimidade, a 2\u00aa Turma da 2\u00aa C\u00e2mara da 3\u00aa Se\u00e7\u00e3o&nbsp; do Conselho Administrativo de Recursos Fiscais (Carf) aplicou ao processo o&nbsp;Tema 372&nbsp;do Supremo Tribunal Federal (STF) e decidiu que as receitas financeiras de institui\u00e7\u00f5es financeiras integram a base de c\u00e1lculo do PIS e da Cofins, por constitu\u00edrem receitas operacionais. No caso em quest\u00e3o, o [&hellip;]<\/p>\n","protected":false},"author":12,"featured_media":15981,"comment_status":"closed","ping_status":"open","sticky":false,"template":"","format":"standard","meta":{"footnotes":""},"categories":[33],"tags":[],"class_list":["post-16068","post","type-post","status-publish","format-standard","has-post-thumbnail","hentry","category-noticias"],"_links":{"self":[{"href":"https:\/\/gruporb.adv.br\/index.php\/wp-json\/wp\/v2\/posts\/16068","targetHints":{"allow":["GET"]}}],"collection":[{"href":"https:\/\/gruporb.adv.br\/index.php\/wp-json\/wp\/v2\/posts"}],"about":[{"href":"https:\/\/gruporb.adv.br\/index.php\/wp-json\/wp\/v2\/types\/post"}],"author":[{"embeddable":true,"href":"https:\/\/gruporb.adv.br\/index.php\/wp-json\/wp\/v2\/users\/12"}],"replies":[{"embeddable":true,"href":"https:\/\/gruporb.adv.br\/index.php\/wp-json\/wp\/v2\/comments?post=16068"}],"version-history":[{"count":1,"href":"https:\/\/gruporb.adv.br\/index.php\/wp-json\/wp\/v2\/posts\/16068\/revisions"}],"predecessor-version":[{"id":16069,"href":"https:\/\/gruporb.adv.br\/index.php\/wp-json\/wp\/v2\/posts\/16068\/revisions\/16069"}],"wp:featuredmedia":[{"embeddable":true,"href":"https:\/\/gruporb.adv.br\/index.php\/wp-json\/wp\/v2\/media\/15981"}],"wp:attachment":[{"href":"https:\/\/gruporb.adv.br\/index.php\/wp-json\/wp\/v2\/media?parent=16068"}],"wp:term":[{"taxonomy":"category","embeddable":true,"href":"https:\/\/gruporb.adv.br\/index.php\/wp-json\/wp\/v2\/categories?post=16068"},{"taxonomy":"post_tag","embeddable":true,"href":"https:\/\/gruporb.adv.br\/index.php\/wp-json\/wp\/v2\/tags?post=16068"}],"curies":[{"name":"wp","href":"https:\/\/api.w.org\/{rel}","templated":true}]}}