{"id":16253,"date":"2026-04-30T09:48:37","date_gmt":"2026-04-30T12:48:37","guid":{"rendered":"https:\/\/gruporb.adv.br\/?p=16253"},"modified":"2026-04-30T09:48:38","modified_gmt":"2026-04-30T12:48:38","slug":"decreto-no-12-955-2026-regulamenta-a-cbs-e-avanca-na-implementacao-da-reforma-tributaria","status":"publish","type":"post","link":"https:\/\/gruporb.adv.br\/index.php\/2026\/04\/30\/decreto-no-12-955-2026-regulamenta-a-cbs-e-avanca-na-implementacao-da-reforma-tributaria\/","title":{"rendered":"Decreto n\u00ba 12.955\/2026 regulamenta a CBS e avan\u00e7a na implementa\u00e7\u00e3o da reforma tribut\u00e1ria"},"content":{"rendered":"\n<p>Foi publicado no Di\u00e1rio Oficial da Uni\u00e3o desta quinta-feira (30) o Decreto n\u00ba 12.955\/2026, que regulamenta a Contribui\u00e7\u00e3o Social sobre Bens e Servi\u00e7os (CBS), tributo de compet\u00eancia da Uni\u00e3o institu\u00eddo pela Lei Complementar n\u00ba 214\/2025 no contexto da reforma tribut\u00e1ria sobre o consumo.<\/p>\n\n\n\n<p>O ato normativo representa um avan\u00e7o relevante na consolida\u00e7\u00e3o do novo modelo tribut\u00e1rio brasileiro, ao estabelecer normas gerais, conceitos estruturantes e diretrizes que orientar\u00e3o a aplica\u00e7\u00e3o da CBS. Trata-se de um passo essencial para a operacionaliza\u00e7\u00e3o pr\u00e1tica do sistema, conferindo maior previsibilidade e seguran\u00e7a jur\u00eddica aos contribuintes.<\/p>\n\n\n\n<p>Al\u00e9m de disciplinar a CBS, o decreto tamb\u00e9m contempla disposi\u00e7\u00f5es comuns ao Imposto sobre Bens e Servi\u00e7os (IBS), refor\u00e7ando a l\u00f3gica de integra\u00e7\u00e3o entre os tributos que comp\u00f5em o novo regime de tributa\u00e7\u00e3o do consumo.<\/p>\n\n\n\n<p>Entre os aspectos iniciais do regulamento, destacam-se a delimita\u00e7\u00e3o das hip\u00f3teses de incid\u00eancia da contribui\u00e7\u00e3o, as diretrizes para o aproveitamento de cr\u00e9ditos tribut\u00e1rios e as regras de exclus\u00e3o de determinados valores da base de c\u00e1lculo, elementos indispens\u00e1veis \u00e0 adequada operacionaliza\u00e7\u00e3o do novo regime.<\/p>\n\n\n\n<p>Para acesso \u00e0 \u00edntegra do decreto, consulte o link: <a href=\"https:\/\/in.gov.br\/en\/web\/dou\/-\/decreto-n-12.955-de-29-de-abril-de-2026-702415229\">https:\/\/in.gov.br\/en\/web\/dou\/-\/decreto-n-12.955-de-29-de-abril-de-2026-702415229<\/a><\/p>\n\n\n\n<p>A equipe da Ribczuk Advogados e R&amp;B Solu\u00e7\u00f5es Cont\u00e1beis e Tribut\u00e1rias permanece \u00e0 disposi\u00e7\u00e3o para eventuais esclarecimentos.<\/p>\n\n\n\n<p>Fontes:<\/p>\n\n\n\n<ul class=\"wp-block-list\">\n<li><a href=\"https:\/\/fenacon.org.br\/reforma-tributaria\/publicado-decreto-que-regulamenta-a-contribuicao-social-sobre-bens-e-servicos-cbs\/\">https:\/\/fenacon.org.br\/reforma-tributaria\/publicado-decreto-que-regulamenta-a-contribuicao-social-sobre-bens-e-servicos-cbs\/<\/a><\/li>\n<\/ul>\n","protected":false},"excerpt":{"rendered":"<p>Foi publicado no Di\u00e1rio Oficial da Uni\u00e3o desta quinta-feira (30) o Decreto n\u00ba 12.955\/2026, que regulamenta a Contribui\u00e7\u00e3o Social sobre Bens e Servi\u00e7os (CBS), tributo de compet\u00eancia da Uni\u00e3o institu\u00eddo pela Lei Complementar n\u00ba 214\/2025 no contexto da reforma tribut\u00e1ria sobre o consumo. O ato normativo representa um avan\u00e7o relevante na consolida\u00e7\u00e3o do novo modelo [&hellip;]<\/p>\n","protected":false},"author":12,"featured_media":16254,"comment_status":"closed","ping_status":"open","sticky":false,"template":"","format":"standard","meta":{"footnotes":""},"categories":[33],"tags":[],"class_list":["post-16253","post","type-post","status-publish","format-standard","has-post-thumbnail","hentry","category-noticias"],"_links":{"self":[{"href":"https:\/\/gruporb.adv.br\/index.php\/wp-json\/wp\/v2\/posts\/16253","targetHints":{"allow":["GET"]}}],"collection":[{"href":"https:\/\/gruporb.adv.br\/index.php\/wp-json\/wp\/v2\/posts"}],"about":[{"href":"https:\/\/gruporb.adv.br\/index.php\/wp-json\/wp\/v2\/types\/post"}],"author":[{"embeddable":true,"href":"https:\/\/gruporb.adv.br\/index.php\/wp-json\/wp\/v2\/users\/12"}],"replies":[{"embeddable":true,"href":"https:\/\/gruporb.adv.br\/index.php\/wp-json\/wp\/v2\/comments?post=16253"}],"version-history":[{"count":1,"href":"https:\/\/gruporb.adv.br\/index.php\/wp-json\/wp\/v2\/posts\/16253\/revisions"}],"predecessor-version":[{"id":16255,"href":"https:\/\/gruporb.adv.br\/index.php\/wp-json\/wp\/v2\/posts\/16253\/revisions\/16255"}],"wp:featuredmedia":[{"embeddable":true,"href":"https:\/\/gruporb.adv.br\/index.php\/wp-json\/wp\/v2\/media\/16254"}],"wp:attachment":[{"href":"https:\/\/gruporb.adv.br\/index.php\/wp-json\/wp\/v2\/media?parent=16253"}],"wp:term":[{"taxonomy":"category","embeddable":true,"href":"https:\/\/gruporb.adv.br\/index.php\/wp-json\/wp\/v2\/categories?post=16253"},{"taxonomy":"post_tag","embeddable":true,"href":"https:\/\/gruporb.adv.br\/index.php\/wp-json\/wp\/v2\/tags?post=16253"}],"curies":[{"name":"wp","href":"https:\/\/api.w.org\/{rel}","templated":true}]}}