{"id":8868,"date":"2019-11-09T08:11:17","date_gmt":"2019-11-09T10:11:17","guid":{"rendered":"http:\/\/gruporb.adv.br\/?p=8868"},"modified":"2023-02-14T17:10:39","modified_gmt":"2023-02-14T20:10:39","slug":"notas-em-relacao-a-operacao-saldo-negativo","status":"publish","type":"post","link":"https:\/\/gruporb.adv.br\/index.php\/2019\/11\/09\/notas-em-relacao-a-operacao-saldo-negativo\/","title":{"rendered":"NOTAS EM RELA\u00c7\u00c3O A \u201cOPERA\u00c7\u00c3O SALDO NEGATIVO\u201d"},"content":{"rendered":"\n<p>Nesta ter\u00e7a-feira, 05\/11\/2019, teve destaque na\nm\u00eddia \u00e0 denominada \u201cOpera\u00e7\u00e3o Saldo Negativo\u201d, deflagrada pela Receita Federal em\nconjunto com a Pol\u00edcia Federal, com intuito de investigar poss\u00edveis delitos\ntribut\u00e1rios relacionados \u00e0 compensa\u00e7\u00e3o de cr\u00e9ditos fiscais considerados\ninexistentes.<\/p>\n\n\n\n<p>A&nbsp;investiga\u00e7\u00e3o\nteve in\u00edcio com a abertura de inqu\u00e9rito policial em 2017, fundada na exist\u00eancia\nde grupos constitu\u00eddos por assessores tribut\u00e1rios que vendiam supostos cr\u00e9ditos\nde terceiros, compensando tais montantes com d\u00e9bitos fiscais atrav\u00e9s de\nretifica\u00e7\u00f5es de declara\u00e7\u00f5es (<a href=\"http:\/\/www.portaldecontabilidade.com.br\/obrigacoes\/dctf.htm\">DCTF<\/a>,&nbsp;<a href=\"http:\/\/www.portaltributario.com.br\/artigos\/ecf-escrituracao-contabil-fiscal.htm\">ECF<\/a>, entre outras), por\nmeio da&nbsp;<a href=\"http:\/\/www.portaltributario.com.br\/tributario\/dcomp.htm\">PER\/DCOMP<\/a>.<\/p>\n\n\n\n<p>Acerca do assunto, notas de nossa equipe:<\/p>\n\n\n\n<ul class=\"wp-block-list\"><li>Nos termos do\n     art. 75, inciso I, da IN 1.717\/17 \u00e9 vedada a compensa\u00e7\u00e3o de cr\u00e9ditos\n     tribut\u00e1rios de terceiros com d\u00e9bitos pr\u00f3prios, sendo admiss\u00edveis \u00e0\n     compensa\u00e7\u00e3o apenas cr\u00e9ditos decorrentes de pagamentos indevidos ou a\n     maior, cr\u00e9ditos fiscais espec\u00edficos (ex:&nbsp;<a href=\"http:\/\/www.portaltributario.com.br\/artigos\/reintegra-normatizacao-receita.htm\">REINTEGRA<\/a>) ou tributos retidos na fonte do pr\u00f3prio\n     contribuinte;<\/li><li>Em decorr\u00eancia\n     da elevada carga de tributos no Brasil surgiu o instituto do Planejamento\n     Tribut\u00e1rio, contudo, n\u00e3o existem \u201cmilagres\u201d no \u00e2mbito fiscal, h\u00e1 uma linha\n     t\u00eanue entre elis\u00e3o (planejamento l\u00edcito) e evas\u00e3o fiscal (pr\u00e1tica il\u00edcita),\n     de modo que, os empres\u00e1rios precisam estar atentos a todas \u00e0s propostas \u201cmilagrosas\u201d;\n     <\/li><li>O Brasil possui\n     um complexo sistema tribut\u00e1rio, e apenas profissionais atualizados, que\n     atuam diariamente nesta \u00e1rea \u00e9 que podem analisar, com precis\u00e3o, de forma\n     segura e objetiva, quais cr\u00e9ditos tribut\u00e1rios s\u00e3o admiss\u00edveis para\n     compensa\u00e7\u00e3o, atentando-se a min\u00facias como: prescri\u00e7\u00e3o, formalidades e\n     comprova\u00e7\u00e3o;<\/li><li>Havendo qualquer\n     incerteza em rela\u00e7\u00e3o \u00e0 aplicabilidade de determinada norma tribut\u00e1ria, nossa\n     indica\u00e7\u00e3o \u00e9 que o contribuinte se socorra ao judici\u00e1rio, para\n     resguardar-se de eventuais riscos de a\u00e7\u00f5es criminais decorrentes de\n     entendimentos que gerem a aplica\u00e7\u00e3o de crime de sonega\u00e7\u00e3o fiscal.<\/li><\/ul>\n\n\n\n<p><strong>A equipe da Ribczuk Advogados e da R&amp;B Solu\u00e7\u00f5es Cont\u00e1beis e Tribut\u00e1rias se colocam inteiramente \u00e0 disposi\u00e7\u00e3o para eventuais d\u00favidas e esclarecimentos.<\/strong><\/p>\n\n\n\n<p>\n\n\n\n\n\n\n\n\n\n\n\n\n\n\n\n[1] Acesso em: &lt; <a href=\"http:\/\/www.pf.gov.br\/imprensa\/noticias\/2019\/11\/operacao-saldo-negativo-investiga-grupo-responsavel-por-fraudes-em-tributos-federais\">http:\/\/www.pf.gov.br\/imprensa\/noticias\/2019\/11\/operacao-saldo-negativo-investiga-grupo-responsavel-por-fraudes-em-tributos-federais<\/a>&gt;\n\n\n\n<\/p>\n","protected":false},"excerpt":{"rendered":"<p>Nesta ter\u00e7a-feira, 05\/11\/2019, teve destaque na m\u00eddia \u00e0 denominada \u201cOpera\u00e7\u00e3o Saldo Negativo\u201d, deflagrada pela Receita Federal em conjunto com a Pol\u00edcia Federal, com intuito de investigar poss\u00edveis delitos tribut\u00e1rios relacionados \u00e0 compensa\u00e7\u00e3o de cr\u00e9ditos fiscais considerados inexistentes. A&nbsp;investiga\u00e7\u00e3o teve in\u00edcio com a abertura de inqu\u00e9rito policial em 2017, fundada na exist\u00eancia de grupos constitu\u00eddos por [&hellip;]<\/p>\n","protected":false},"author":1,"featured_media":8871,"comment_status":"open","ping_status":"open","sticky":false,"template":"","format":"standard","meta":{"footnotes":""},"categories":[33],"tags":[],"class_list":["post-8868","post","type-post","status-publish","format-standard","has-post-thumbnail","hentry","category-noticias"],"_links":{"self":[{"href":"https:\/\/gruporb.adv.br\/index.php\/wp-json\/wp\/v2\/posts\/8868","targetHints":{"allow":["GET"]}}],"collection":[{"href":"https:\/\/gruporb.adv.br\/index.php\/wp-json\/wp\/v2\/posts"}],"about":[{"href":"https:\/\/gruporb.adv.br\/index.php\/wp-json\/wp\/v2\/types\/post"}],"author":[{"embeddable":true,"href":"https:\/\/gruporb.adv.br\/index.php\/wp-json\/wp\/v2\/users\/1"}],"replies":[{"embeddable":true,"href":"https:\/\/gruporb.adv.br\/index.php\/wp-json\/wp\/v2\/comments?post=8868"}],"version-history":[{"count":3,"href":"https:\/\/gruporb.adv.br\/index.php\/wp-json\/wp\/v2\/posts\/8868\/revisions"}],"predecessor-version":[{"id":8875,"href":"https:\/\/gruporb.adv.br\/index.php\/wp-json\/wp\/v2\/posts\/8868\/revisions\/8875"}],"wp:featuredmedia":[{"embeddable":true,"href":"https:\/\/gruporb.adv.br\/index.php\/wp-json\/wp\/v2\/media\/8871"}],"wp:attachment":[{"href":"https:\/\/gruporb.adv.br\/index.php\/wp-json\/wp\/v2\/media?parent=8868"}],"wp:term":[{"taxonomy":"category","embeddable":true,"href":"https:\/\/gruporb.adv.br\/index.php\/wp-json\/wp\/v2\/categories?post=8868"},{"taxonomy":"post_tag","embeddable":true,"href":"https:\/\/gruporb.adv.br\/index.php\/wp-json\/wp\/v2\/tags?post=8868"}],"curies":[{"name":"wp","href":"https:\/\/api.w.org\/{rel}","templated":true}]}}