{"id":8908,"date":"2020-03-27T13:01:13","date_gmt":"2020-03-27T16:01:13","guid":{"rendered":"http:\/\/gruporb.adv.br\/?p=8908"},"modified":"2023-02-14T17:10:39","modified_gmt":"2023-02-14T20:10:39","slug":"liminar-autoriza-atraso-no-pagamento-de-tributos-por-causa-da-covid-19","status":"publish","type":"post","link":"https:\/\/gruporb.adv.br\/index.php\/2020\/03\/27\/liminar-autoriza-atraso-no-pagamento-de-tributos-por-causa-da-covid-19\/","title":{"rendered":"Liminar autoriza atraso no pagamento de tributos por causa da covid-19"},"content":{"rendered":"\n<p>A decis\u00e3o cita as decis\u00f5es do Supremo Tribunal\nFederal em a\u00e7\u00f5es movidas pelos Estados de S\u00e3o Paulo e da Bahia, que suspenderam\npagamentos devidos \u00e0 Uni\u00e3o<\/p>\n\n\n\n<p><strong>Por\nBeatriz Olivon, Valor \u2014 Bras\u00edlia<\/strong><\/p>\n\n\n\n<p><strong>Fonte:\nValor Econ\u00f4mico<a href=\"#_ftn1\"><strong>[1]<\/strong><\/a><\/strong><\/p>\n\n\n\n<p>A Services Assessoria e Cobran\u00e7as conseguiu liminar para\natrasar por tr\u00eas meses o pagamento de tributos federais para manter empregos e\nevitar o fechamento em raz\u00e3o da pandemia da covid-19. A decis\u00e3o foi concedida\npela juiz da 21\u00aa Vara Federal do Distrito Federal, Rolando Valcir Spanholo.<\/p>\n\n\n\n<p>Na decis\u00e3o, o juiz cita a mesma possibilidade de suspens\u00e3o de\nimpostos estaduais e municipais (1016660-71.2020.4.01.3400).<\/p>\n\n\n\n<p>No processo, a empresa pede para adiar o pagamento de\nIRPJ, CSLL, PIS e Cofins para garantir sua manuten\u00e7\u00e3o e os postos de trabalho\ndos seus mais de cinco mil colaboradores, durante o pico local da pandemia\ncausada pelo covid-19. Entre os argumentos critica a forma como o governo\nfederal tem conduzido a crise desde que surgiram os primeiros sinais da\npandemia, e manifesta receio de que o quadro financeiro gerado pelo processo de\nquarentena inviabilize a manuten\u00e7\u00e3o da sua atividade empresarial e os empregos\nque gera atualmente.<\/p>\n\n\n\n<p>Segundo o juiz, pelo vi\u00e9s tribut\u00e1rio, trata-se de pedido\nde morat\u00f3ria tribut\u00e1ria, que s\u00f3 poderia ser concedida pela Uni\u00e3o e por meio de\nlei espec\u00edfica. Mas, ele ponderou que diante do momento excepcional, o pedido\nextrapola a seara tribut\u00e1ria. \u201cO cerne da controv\u00e9rsia vai muito al\u00e9m, ele\ntransita intensamente por toda a seara do Direito P\u00fablico e s ofre forte carga de influ\u00eancia da\nrealidade moment\u00e2nea das ruas\u201d, afirmou.<\/p>\n\n\n\n<p>\u201cNingu\u00e9m, no ju\u00edzo da s\u00e3 consci\u00eancia, teria coragem para\nnegar que o mundo est\u00e1 atravessando o seu pior momento desde o final da Segunda\nGuerra\u201d, afirmou. Ainda segundo o juiz, a origem da limita\u00e7\u00e3o financeira\nnarrada pela autora est\u00e1 baseada em atos e a\u00e7\u00f5es deflagrados pela pr\u00f3pria\nadministra\u00e7\u00e3o p\u00fablica (quarentena horizontal).<\/p>\n\n\n\n<p>A liminar cita ainda decis\u00f5es do Supremo Tribunal Federal\n(STF) em a\u00e7\u00f5es movidas pelos Estados de S\u00e3o Paulo e da Bahia e que suspenderam\npagamentos devidos \u00e0 Uni\u00e3o (ACO 3363 e 3365). \u201cA interpreta\u00e7\u00e3o da nossa Corte\nSuprema sinaliza no sentindo de que, neste momento de incertezas e de forte\nabalo socioecon\u00f4mico, as aten\u00e7\u00f5es de todos devem estar volt adas \u00e0 preserva\u00e7\u00e3o das condi\u00e7\u00f5es\nm\u00ednimas de bem estar do ser humano\u201d, afirma a decis\u00e3o.<\/p>\n\n\n\n<p>Na liminar, o juiz ainda diz que al\u00e9m dos tributos\nfederais a empresa tamb\u00e9m suporta obriga\u00e7\u00f5es municipais e estaduais e s\u00e3o os Estados,\nDistrito Federal e munic\u00edpios que, por precau\u00e7\u00e3o, seguindo orienta\u00e7\u00f5es da\nOrganiza\u00e7\u00e3o Mundial da Sa\u00fade (OMS), mais pressionam pela implanta\u00e7\u00e3o da\nquarentena horizontal. Por isso, considerou \u201cimprescind\u00edvel\u201d que o mesmo pedido\nseja direcionado \u00e0s demais esferas de governo estatal.<\/p>\n\n\n\n<p>Para o juiz, n\u00e3o se pode atribuir apenas \u00e0 Uni\u00e3o o \u00f4nus\nde arcar com os efeitos pr\u00e1ticos de a\u00e7\u00f5es que, na maioria das vezes, s\u00e3o os\nEstados, Distrito Federal e Munic\u00edpios que est\u00e3o colocando em pr\u00e1tica, dentro\ndo ju\u00edzo de valor e magnitude que cada l\u00edder local julga ser o mais adequado.<\/p>\n\n\n\n<p>Por isso, al\u00e9m de conceder a liminar, o juiz determinou\nque a empresa inclua em seu pedido todos os entes com os quais mant\u00e9m rela\u00e7\u00e3o\ntribut\u00e1ria regular. <\/p>\n\n\n\n<p><strong>A equipe da Ribczuk Advogados e da R&amp;B Solu\u00e7\u00f5es\nCont\u00e1beis e Tribut\u00e1rias se colocam inteiramente \u00e0 disposi\u00e7\u00e3o para eventuais\nd\u00favidas e esclarecimentos.<\/strong><strong><\/strong><br><\/p>\n\n\n\n<hr class=\"wp-block-separator\"\/>\n\n\n\n<p><a href=\"#_ftnref1\">[1]<\/a> Acesso em: &lt;https:\/\/valor.globo.com\/legislacao\/noticia\/2020\/03\/26\/liminar-autoriza-atraso-no-pagamento-de-tributos-por-causa-da-covid-19.ghtml&gt;<\/p>\n","protected":false},"excerpt":{"rendered":"<p>A decis\u00e3o cita as decis\u00f5es do Supremo Tribunal Federal em a\u00e7\u00f5es movidas pelos Estados de S\u00e3o Paulo e da Bahia, que suspenderam pagamentos devidos \u00e0 Uni\u00e3o Por Beatriz Olivon, Valor \u2014 Bras\u00edlia Fonte: Valor Econ\u00f4mico[1] A Services Assessoria e Cobran\u00e7as conseguiu liminar para atrasar por tr\u00eas meses o pagamento de tributos federais para manter empregos [&hellip;]<\/p>\n","protected":false},"author":1,"featured_media":8909,"comment_status":"open","ping_status":"open","sticky":false,"template":"","format":"standard","meta":{"footnotes":""},"categories":[33],"tags":[],"class_list":["post-8908","post","type-post","status-publish","format-standard","has-post-thumbnail","hentry","category-noticias"],"_links":{"self":[{"href":"https:\/\/gruporb.adv.br\/index.php\/wp-json\/wp\/v2\/posts\/8908","targetHints":{"allow":["GET"]}}],"collection":[{"href":"https:\/\/gruporb.adv.br\/index.php\/wp-json\/wp\/v2\/posts"}],"about":[{"href":"https:\/\/gruporb.adv.br\/index.php\/wp-json\/wp\/v2\/types\/post"}],"author":[{"embeddable":true,"href":"https:\/\/gruporb.adv.br\/index.php\/wp-json\/wp\/v2\/users\/1"}],"replies":[{"embeddable":true,"href":"https:\/\/gruporb.adv.br\/index.php\/wp-json\/wp\/v2\/comments?post=8908"}],"version-history":[{"count":1,"href":"https:\/\/gruporb.adv.br\/index.php\/wp-json\/wp\/v2\/posts\/8908\/revisions"}],"predecessor-version":[{"id":8910,"href":"https:\/\/gruporb.adv.br\/index.php\/wp-json\/wp\/v2\/posts\/8908\/revisions\/8910"}],"wp:featuredmedia":[{"embeddable":true,"href":"https:\/\/gruporb.adv.br\/index.php\/wp-json\/wp\/v2\/media\/8909"}],"wp:attachment":[{"href":"https:\/\/gruporb.adv.br\/index.php\/wp-json\/wp\/v2\/media?parent=8908"}],"wp:term":[{"taxonomy":"category","embeddable":true,"href":"https:\/\/gruporb.adv.br\/index.php\/wp-json\/wp\/v2\/categories?post=8908"},{"taxonomy":"post_tag","embeddable":true,"href":"https:\/\/gruporb.adv.br\/index.php\/wp-json\/wp\/v2\/tags?post=8908"}],"curies":[{"name":"wp","href":"https:\/\/api.w.org\/{rel}","templated":true}]}}