{"id":8967,"date":"2022-01-11T08:05:21","date_gmt":"2022-01-11T11:05:21","guid":{"rendered":"http:\/\/gruporb.adv.br\/?p=8967"},"modified":"2023-02-14T17:10:39","modified_gmt":"2023-02-14T20:10:39","slug":"afastamento-do-diferencial-de-aliquota-do-icms-em-2022","status":"publish","type":"post","link":"https:\/\/gruporb.adv.br\/index.php\/2022\/01\/11\/afastamento-do-diferencial-de-aliquota-do-icms-em-2022\/","title":{"rendered":"Afastamento do Diferencial de Al\u00edquota do ICMS em 2022"},"content":{"rendered":"\n<p>Em vendas interestaduais de mercadorias, \u00e9 comum\nque haja a cobran\u00e7a do DIFAL\/ICMS (diferencial de al\u00edquota), devida ao Estado\nde destino dos bens, pelo vendedor, caso o consumidor final n\u00e3o seja contribuinte\ndo ICMS, ou pelo comprador, na hip\u00f3tese de ser ele consumidor final\ncontribuinte do ICMS.<\/p>\n\n\n\n<p>Apesar de previsto na Constitui\u00e7\u00e3o Federal e ser\ncobrado pelos Estados, o DIFAL nunca foi objeto de Lei Complementar Federal que\nregulasse quais Estados poderiam cobr\u00e1-lo e de que forma, sendo que a\nConstitui\u00e7\u00e3o Federal prev\u00ea a necessidade de referido procedimento pr\u00e9vio. <\/p>\n\n\n\n<p>Por tal raz\u00e3o, em fevereiro de 2021, o STF declarou\na inconstitucionalidade do DIFAL\/ICMS em vendas para n\u00e3o contribuintes (RE n\u00ba\n1.287.019, ADI n\u00ba 5.469), modulando os efeitos para que a cobran\u00e7a s\u00f3 parasse de\nocorrer a partir de 2022, com o intuito de que, durante o ano de 2021, fosse\nregularizada a aus\u00eancia de lei complementar federal.<\/p>\n\n\n\n<p>Ocorre que o Presidente da Rep\u00fablica, Jair Messias\nBolsonaro, sancionou a PLP 32\/2021, que regulamenta a cobran\u00e7a do DIFAL de ICMS\nem opera\u00e7\u00f5es envolvendo mercadoria destinada a consumidor final em outro estado\nn\u00e3o contribuinte do imposto, apenas na \u00faltima quarta-feira (05\/01\/2022).<\/p>\n\n\n\n<p>Assim sendo, considerando que o ICMS \u00e9 tributo\nsujeito aos princ\u00edpios da anterioridade nonagesimal, de modo que, a partir da\nsua institui\u00e7\u00e3o, a cobran\u00e7a do tributo s\u00f3 poder\u00e1 ocorrer no exerc\u00edcio\nfinanceiro seguinte e ap\u00f3s 90 dias a contar da publica\u00e7\u00e3o da lei, resta vi\u00e1vel\nbuscar na esfera judicial o reconhecimento do direito l\u00edquido e certo de n\u00e3o\nrecolher o DIFAL durante o ano de 2022. Subsidiariamente, pode-se defender ainda\nque o DIFAL n\u00e3o poder\u00e1 ser cobrado nos primeiros 90 dias a contar da publica\u00e7\u00e3o\nda lei, como previsto no pr\u00f3prio Projeto de Lei.<\/p>\n\n\n\n<p>A equipe da Ribczuk Advogados e da R&amp;B Solu\u00e7\u00f5es\nCont\u00e1beis e Tribut\u00e1rias colocam-se inteiramente \u00e0 disposi\u00e7\u00e3o para eventuais\nd\u00favidas e esclarecimentos, bem como para providenciar as medidas cab\u00edveis para\nsua empresa.<\/p>\n","protected":false},"excerpt":{"rendered":"<p>Em vendas interestaduais de mercadorias, \u00e9 comum que haja a cobran\u00e7a do DIFAL\/ICMS (diferencial de al\u00edquota), devida ao Estado de destino dos bens, pelo vendedor, caso o consumidor final n\u00e3o seja contribuinte do ICMS, ou pelo comprador, na hip\u00f3tese de ser ele consumidor final contribuinte do ICMS. Apesar de previsto na Constitui\u00e7\u00e3o Federal e ser [&hellip;]<\/p>\n","protected":false},"author":1,"featured_media":8968,"comment_status":"open","ping_status":"open","sticky":false,"template":"","format":"standard","meta":{"footnotes":""},"categories":[33],"tags":[58,60,59,61,57,36],"class_list":["post-8967","post","type-post","status-publish","format-standard","has-post-thumbnail","hentry","category-noticias","tag-58","tag-afastamento","tag-aliquota","tag-diferencial","tag-icms","tag-ribczuk"],"_links":{"self":[{"href":"https:\/\/gruporb.adv.br\/index.php\/wp-json\/wp\/v2\/posts\/8967","targetHints":{"allow":["GET"]}}],"collection":[{"href":"https:\/\/gruporb.adv.br\/index.php\/wp-json\/wp\/v2\/posts"}],"about":[{"href":"https:\/\/gruporb.adv.br\/index.php\/wp-json\/wp\/v2\/types\/post"}],"author":[{"embeddable":true,"href":"https:\/\/gruporb.adv.br\/index.php\/wp-json\/wp\/v2\/users\/1"}],"replies":[{"embeddable":true,"href":"https:\/\/gruporb.adv.br\/index.php\/wp-json\/wp\/v2\/comments?post=8967"}],"version-history":[{"count":1,"href":"https:\/\/gruporb.adv.br\/index.php\/wp-json\/wp\/v2\/posts\/8967\/revisions"}],"predecessor-version":[{"id":8969,"href":"https:\/\/gruporb.adv.br\/index.php\/wp-json\/wp\/v2\/posts\/8967\/revisions\/8969"}],"wp:featuredmedia":[{"embeddable":true,"href":"https:\/\/gruporb.adv.br\/index.php\/wp-json\/wp\/v2\/media\/8968"}],"wp:attachment":[{"href":"https:\/\/gruporb.adv.br\/index.php\/wp-json\/wp\/v2\/media?parent=8967"}],"wp:term":[{"taxonomy":"category","embeddable":true,"href":"https:\/\/gruporb.adv.br\/index.php\/wp-json\/wp\/v2\/categories?post=8967"},{"taxonomy":"post_tag","embeddable":true,"href":"https:\/\/gruporb.adv.br\/index.php\/wp-json\/wp\/v2\/tags?post=8967"}],"curies":[{"name":"wp","href":"https:\/\/api.w.org\/{rel}","templated":true}]}}